[{"@context":"https:\/\/schema.org\/","@type":"Article","@id":"https:\/\/www.zake.cz\/audi-q7\/#Article","mainEntityOfPage":"https:\/\/www.zake.cz\/audi-q7\/","headline":"Audi Q7","name":"Audi Q7","description":"N\u011bco m\u00e1lo o historii Audi je nejstar\u0161\u00ed firma s\u00eddl\u00edc\u00ed v N\u011bmecku zab\u00fdvaj\u00edc\u00ed se v\u00fdrobou voz\u016f zn\u00e1m\u00fdch sv\u00fdm...","datePublished":"2018-06-03","dateModified":"2023-05-06","author":{"@type":"Person","@id":"https:\/\/www.zake.cz\/author\/#Person","name":"","url":"https:\/\/www.zake.cz\/author\/","identifier":1,"image":{"@type":"ImageObject","@id":"https:\/\/secure.gravatar.com\/avatar\/ac70c9e5ac34d1687bd81eed3e0a5127e2920111fdfe832b53d740bc4b86c4fd?s=96&d=mm&r=g","url":"https:\/\/secure.gravatar.com\/avatar\/ac70c9e5ac34d1687bd81eed3e0a5127e2920111fdfe832b53d740bc4b86c4fd?s=96&d=mm&r=g","height":96,"width":96}},"publisher":{"@type":"Organization","name":"zake.cz","logo":{"@type":"ImageObject","@id":"\/logo.png","url":"\/logo.png","width":600,"height":60}},"image":{"@type":"ImageObject","@id":"https:\/\/www.zake.cz\/wp-content\/uploads\/img_a321391_w2137_t1532632611.jpg","url":"https:\/\/www.zake.cz\/wp-content\/uploads\/img_a321391_w2137_t1532632611.jpg","height":0,"width":0},"url":"https:\/\/www.zake.cz\/audi-q7\/","wordCount":388,"articleBody":"N\u011bco m\u00e1lo o historii Audi je nejstar\u0161\u00ed firma s\u00eddl\u00edc\u00ed v N\u011bmecku zab\u00fdvaj\u00edc\u00ed se v\u00fdrobou voz\u016f zn\u00e1m\u00fdch sv\u00fdm luxusem po cel\u00e9m sv\u011bt\u011b. Charakterizuje ji znak \u010dty\u0159 vz\u00e1jemn\u011b spojen\u00fdch kruh\u016f, kter\u00e9 zn\u00e1zor\u0148uj\u00ed spole\u010dnost DKW, Horch, Wanderer a Audi. Ke spojen\u00ed t\u00e9to slavn\u00e9 \u010dty\u0159ky do\u0161lo na po\u010d\u00e1tku t\u0159ic\u00e1t\u00fdch let minul\u00e9ho stolet\u00ed. V posledn\u00edch letech vyr\u00e1b\u00ed neuv\u011b\u0159iteln\u00fdch jeden a t\u0159i \u010dtvrt\u011b milionu voz\u016f ro\u010dn\u011b.Jako p\u00edrko Konkr\u00e9tn\u011b model Q7 p\u016fsob\u00ed lehce a jeho vnit\u0159n\u00ed vybaven\u00ed je velice komfortn\u00ed, ve srovn\u00e1n\u00ed s p\u0159edchoz\u00edmi typy m\u00e1 podstatn\u011b v\u011bt\u0161\u00ed prostor a dok\u00e1\u017ee zrychlit do \u0161esti vte\u0159in na sto kilometr\u016f v hodin\u011b. Py\u0161nit se m\u016f\u017ee pohonem v\u0161ech kol \u2013 quattro. D\u00edky tomu m\u00e1 \u0159idi\u010d auto za jak\u00fdchkoliv okolnost\u00ed pevn\u011b v rukou. Tedy pro milovn\u00edky rychl\u00fdch voz\u016f ide\u00e1ln\u00ed spole\u010dn\u00edk. Na nov\u00e9m modelu Q7 se podepsaly dv\u011b desetilet\u00ed poznatk\u016f ohledn\u011b konstrukce, ta je dynamick\u00e1 a efektivn\u00ed d\u00edky lehkosti. K tomu roky v\u00fdzkumu sm\u011b\u0159ovaly.Sportovec Co se t\u00fdk\u00e1 vzhledu, vozidlo je hladk\u00e9, oproti p\u0159edchoz\u00edm model\u016fm je \u0161ir\u0161\u00ed a vy\u0161\u0161\u00ed, dalo by se sv\u00fdm zevn\u011bj\u0161kem p\u0159irovnat k postav\u011b atleta .Interi\u00e9r Co se t\u00fdk\u00e1 vnit\u0159n\u00edho uspo\u0159\u00e1d\u00e1n\u00ed, pro cestuj\u00edc\u00ed se prostor zv\u011bt\u0161il, z \u010deho\u017e budou jist\u011b nad\u0161eni, nav\u00edc zadn\u00ed sedadla jsou nastaviteln\u00e1, v\u011bt\u0161\u00ed rodina uv\u00edt\u00e1 mo\u017enost sklopen\u00ed sedadel, kdy pak m\u016f\u017ee ve voze cestovat a\u017e sedm lid\u00ed. Vybaven\u00ed vnit\u0159ku vozidla je opravdu luxusn\u00ed, od barevn\u00e9 k\u016f\u017ee p\u0159es dubov\u00e9 nebo d\u0159ev\u011bn\u00e9 oblo\u017een\u00ed a\u017e po r\u016fzn\u00e9 prvky dotv\u00e1\u0159ej\u00edc\u00ed celkov\u00fd dojem interi\u00e9ru, v\u0161e lze uzp\u016fsobit p\u0159\u00e1n\u00edm klienta.Exteri\u00e9r Celkov\u00fd vzhled modelu umocn\u00ed lak, ten je t\u00e9 nejvy\u0161\u0161\u00ed kvality, o tom nen\u00ed t\u0159eba pochybovat, sta\u010d\u00ed si vybrat jen ten spr\u00e1vn\u00fd odst\u00edn. Barvy jsou d\u00edky pigment\u016fm jasn\u00e9 a odoln\u00e9. Jedinou nev\u00fdhodou tohoto jinak dokonal\u00e9ho vozu m\u016f\u017ee b\u00fdt jeho cena, kter\u00e1 za\u010d\u00edn\u00e1 na dvou milionech korun \u010desk\u00fdch. Za kvalitu se prost\u011b plat\u00ed.                                                                                                                                                                                                                                                                                                                                                                                         4.3\/5 - (15 votes)        "},{"@context":"https:\/\/schema.org\/","@type":"BreadcrumbList","itemListElement":[{"@type":"ListItem","position":1,"name":"Audi Q7","item":"https:\/\/www.zake.cz\/audi-q7\/#breadcrumbitem"}]}]