[{"@context":"https:\/\/schema.org\/","@type":"Article","@id":"https:\/\/www.zake.cz\/co-rozumime-pod-pojmem-plnospektralni-osvetleni\/#Article","mainEntityOfPage":"https:\/\/www.zake.cz\/co-rozumime-pod-pojmem-plnospektralni-osvetleni\/","headline":"Co rozum\u00edme pod pojmem plnospektr\u00e1ln\u00ed osv\u011btlen\u00ed","name":"Co rozum\u00edme pod pojmem plnospektr\u00e1ln\u00ed osv\u011btlen\u00ed","description":"P\u0159irozen\u00e9 denn\u00ed sv\u011btlo vn\u00edm\u00e1me jako n\u011bco naprosto samoz\u0159ejm\u00e9ho, a mnohdy i p\u0159es na\u0161e, \u010dastokr\u00e1t malichern\u00e9 starosti a...","datePublished":"2020-10-19","dateModified":"2023-09-01","author":{"@type":"Person","@id":"https:\/\/www.zake.cz\/author\/#Person","name":"","url":"https:\/\/www.zake.cz\/author\/","identifier":1,"image":{"@type":"ImageObject","@id":"https:\/\/secure.gravatar.com\/avatar\/ac70c9e5ac34d1687bd81eed3e0a5127e2920111fdfe832b53d740bc4b86c4fd?s=96&d=mm&r=g","url":"https:\/\/secure.gravatar.com\/avatar\/ac70c9e5ac34d1687bd81eed3e0a5127e2920111fdfe832b53d740bc4b86c4fd?s=96&d=mm&r=g","height":96,"width":96}},"publisher":{"@type":"Organization","name":"zake.cz","logo":{"@type":"ImageObject","@id":"\/logo.png","url":"\/logo.png","width":600,"height":60}},"image":{"@type":"ImageObject","@id":"https:\/\/www.zake.cz\/wp-content\/uploads\/svit%20klasick%C3%A9%20%C5%BE%C3%A1rovky.jpg","url":"https:\/\/www.zake.cz\/wp-content\/uploads\/svit%20klasick%C3%A9%20%C5%BE%C3%A1rovky.jpg","height":0,"width":0},"url":"https:\/\/www.zake.cz\/co-rozumime-pod-pojmem-plnospektralni-osvetleni\/","about":["Zbo\u017e\u00ed"],"wordCount":426,"articleBody":" P\u0159irozen\u00e9 denn\u00ed sv\u011btlo vn\u00edm\u00e1me jako n\u011bco naprosto samoz\u0159ejm\u00e9ho, a mnohdy i p\u0159es na\u0161e, \u010dastokr\u00e1t malichern\u00e9 starosti a \u017eivotn\u00ed trable, si jej nev\u00e1\u017e\u00edme. To bychom ale m\u011bli, nebo\u0165 pr\u00e1v\u011b slunce vyza\u0159uje spojit\u00e9 spektrum z\u00e1\u0159en\u00ed, v\u010detn\u011b toho optick\u00e9ho, \u010d\u00edm\u017e vytv\u00e1\u0159\u00ed optim\u00e1ln\u00ed podm\u00ednky pro \u017eivot na na\u0161\u00ed planet\u011b \u2013 r\u016fst rostlin, proces fotosynt\u00e9zy, a samoz\u0159ejm\u011b i \u017eivotn\u00ed pochody v t\u011blech zv\u00ed\u0159at a \u010dlov\u011bka.Optick\u00e9 z\u00e1\u0159en\u00ed je skute\u010dn\u011b spojit\u00e9, slune\u010dn\u00ed sv\u011btlo zauj\u00edm\u00e1 v\u0161echny vlnov\u00e9 d\u00e9lky, od t\u011bch nejdel\u0161\u00edch (v\u010detn\u011b neviditeln\u00fdch infra\u010derven\u00fdch paprsk\u016f), a\u017e po ty nejkrat\u0161\u00ed, ultrafialov\u00e9.V\u0161echny \u017eiv\u00e9 organismy maj\u00ed sv\u00e1 t\u011bla vytvo\u0159ena tak, aby vyu\u017e\u00edvala pr\u00e1v\u011b spojit\u00e9ho (nejen) optick\u00e9ho slune\u010dn\u00edho sv\u011btla ke sv\u00e9mu plnohodnotn\u00e9mu \u017eivotu. Jestli\u017ee bychom n\u011bkterou ze slo\u017eek odebrali, naru\u0161\u00edme t\u00edm tento p\u0159irozen\u00fd proces. N\u011bkte\u0159\u00ed v\u011bdci potvrzuj\u00ed, \u017ee \u010dlov\u011bk vn\u00edm\u00e1 sv\u011bteln\u00e9 z\u00e1\u0159en\u00ed i poko\u017ekou (podobn\u011b, jako v\u00edme, \u017ee poko\u017eka d\u00fdch\u00e1), sv\u011btlo je velmi d\u016fle\u017eit\u00e9 pro regeneraci bun\u011bk v\u010detn\u011b p\u0159\u00edjmu atmosf\u00e9rick\u00e9ho kysl\u00edku, a pro spr\u00e1vn\u00e9 fungov\u00e1n\u00ed hormon\u00e1ln\u00edho syst\u00e9mu. Uzav\u0159\u00edt se na n\u011bkolik let do temn\u00e9 jeskyn\u011b by znamenalo vznik r\u016fzn\u00fdch degenerativn\u00edch chorob, a jist\u011b dok\u00e1\u017eete domyslet d\u016fsledky takov\u00e9ho po\u010d\u00edn\u00e1n\u00ed.Plnospektr\u00e1ln\u00ed osv\u011btlen\u00ed m\u00e1 sv\u016fj v\u00fdznamPlnospektr\u00e1ln\u00edmu slune\u010dn\u00edmu sv\u011btlu se nejv\u00edce podobal proces \u017ehaven\u00ed wolframov\u00e9ho vl\u00e1kna oby\u010dejn\u00e9 \u017e\u00e1rovky, jej\u00ed sta\u017een\u00ed z trhu bylo dle n\u00e1zoru mnoha lid\u00ed p\u0159ed\u010dasn\u00e9, nebo\u0165 v t\u00e9 dob\u011b nebylo tolik mo\u017enost\u00ed zajistit adekv\u00e1tn\u00ed \u201espektr\u00e1ln\u00ed\u201c n\u00e1hradu. Kompaktn\u00ed z\u00e1\u0159ivky a LED \u017e\u00e1rovky vyd\u00e1valy v\u011bt\u0161inou studen\u00e9 odst\u00edny. V sou\u010dasn\u00e9 dob\u011b v\u0161ak m\u00e1me ji\u017e mo\u017enost po\u0159\u00eddit si plnospektr\u00e1ln\u00ed osv\u011btlen\u00ed, kter\u00e9 m\u00e1 v\u00fdrazn\u011b del\u0161\u00ed \u017eivotnost, ne\u017e klasick\u00e1 \u017e\u00e1rovka, a tak\u00e9 mnohem ni\u017e\u0161\u00ed spot\u0159ebu elektrick\u00e9ho proudu.O p\u0159\u00edzniv\u00fdch zdravotn\u00edch vlivech plnospektr\u00e1ln\u00edch sv\u011bteln\u00fdch zdroj\u016f na lidsk\u00fd organismus se tak\u00e9 m\u016f\u017eete do\u010d\u00edst na mnoha odborn\u00fdch zdroj\u00edch, a samoz\u0159ejm\u011b je tento zp\u016fsob \u0159e\u0161en\u00ed tvorby um\u011bl\u00e9ho sv\u011btla vhodn\u00fd i pro dom\u00e1c\u00ed mazl\u00ed\u010dky, pokojov\u00e9 rostliny, a chovatele akvarijn\u00edch ryb.                                                                                                                                                                                                                                                                                                                                                                                          3.8\/5 - (10 votes)        "},{"@context":"https:\/\/schema.org\/","@type":"BreadcrumbList","itemListElement":[{"@type":"ListItem","position":1,"name":"Co rozum\u00edme pod pojmem plnospektr\u00e1ln\u00ed osv\u011btlen\u00ed","item":"https:\/\/www.zake.cz\/co-rozumime-pod-pojmem-plnospektralni-osvetleni\/#breadcrumbitem"}]}]