[{"@context":"https:\/\/schema.org\/","@type":"Article","@id":"https:\/\/www.zake.cz\/krasne-bohate-a-dlouhe-vlasy\/#Article","mainEntityOfPage":"https:\/\/www.zake.cz\/krasne-bohate-a-dlouhe-vlasy\/","headline":"Kr\u00e1sn\u00e9, bohat\u00e9 a dlouh\u00e9 vlasy","name":"Kr\u00e1sn\u00e9, bohat\u00e9 a dlouh\u00e9 vlasy","description":"V dne\u0161n\u00ed dob\u011b jsou velice modern\u00ed dlouh\u00e9 kade\u0159e, kter\u00e9 u mnoh\u00fdch \u017een \u010dasto dosahuj\u00ed a\u017e po p\u00e1s....","datePublished":"2023-10-15","dateModified":"2023-10-15","author":{"@type":"Person","@id":"https:\/\/www.zake.cz\/author\/#Person","name":"","url":"https:\/\/www.zake.cz\/author\/","identifier":1,"image":{"@type":"ImageObject","@id":"https:\/\/secure.gravatar.com\/avatar\/ac70c9e5ac34d1687bd81eed3e0a5127e2920111fdfe832b53d740bc4b86c4fd?s=96&d=mm&r=g","url":"https:\/\/secure.gravatar.com\/avatar\/ac70c9e5ac34d1687bd81eed3e0a5127e2920111fdfe832b53d740bc4b86c4fd?s=96&d=mm&r=g","height":96,"width":96}},"publisher":{"@type":"Organization","name":"zake.cz","logo":{"@type":"ImageObject","@id":"\/logo.png","url":"\/logo.png","width":600,"height":60}},"url":"https:\/\/www.zake.cz\/krasne-bohate-a-dlouhe-vlasy\/","wordCount":235,"articleBody":"V dne\u0161n\u00ed dob\u011b jsou velice modern\u00ed dlouh\u00e9 kade\u0159e, kter\u00e9 u mnoh\u00fdch \u017een \u010dasto dosahuj\u00ed a\u017e po p\u00e1s. Ve v\u011bt\u0161in\u011b p\u0159\u00edpad\u016f maj\u00ed \u017eeny sv\u00e9 vlasy prodlou\u017een\u00e9. Pokud tou\u017e\u00edte m\u00edt kr\u00e1sn\u00e9 a dlouh\u00e9 prameny ov\u0161em sv\u00e9 vlastn\u00ed, zvolte si k\u00faru, kter\u00e1 V\u00e1m zajist\u00ed rychl\u00fd r\u016fst. Nov\u00fdm trendem, kter\u00fd si obl\u00edbily kade\u0159nice po cel\u00e9m sv\u011bt\u011b, se stal brazilsk\u00fd keratin. Jedn\u00e1 se o \u010dist\u011b p\u0159\u00edrodn\u00ed produkt, kter\u00fd vyrovn\u00e1 a viditeln\u011b ozdrav\u00ed Va\u0161e po\u0161kozen\u00e9 vlasy. M\u00e1te-li probl\u00e9my s l\u00e1mavost\u00ed kone\u010dk\u016f, kter\u00e1 opticky zp\u016fsob\u00ed zastaven\u00ed r\u016fstu, oslovte n\u00e1s, nab\u00eddneme V\u00e1m skv\u011bl\u00e9 produkty.Kone\u010dn\u011b spokojen\u00e1 se sv\u00fdm \u00fa\u010desemNab\u00edz\u00edme V\u00e1m p\u0159\u00edpravek k regeneraci Va\u0161ich po\u0161kozen\u00fdch vlas\u016f. Jedn\u00e1 se o skv\u011blou p\u0159\u00edle\u017eitost pro \u017eeny, kter\u00e9 maj\u00ed probl\u00e9my s nedor\u016fst\u00e1n\u00edm kade\u0159\u00ed. Pokud si barv\u00edte vlasy, mus\u00edte po\u010d\u00edtat s t\u00edm, \u017ee se \u010dasem po\u0161kod\u00ed a kone\u010dky se za\u010dnou l\u00e1mat. I p\u0159i \u0161etrn\u00e9m myt\u00ed a su\u0161en\u00ed vlas\u016f budete muset konce zast\u0159ih\u00e1vat. Pokud se tomuto \u00fakonu chcete vyhnout, zvolte si brazilsk\u00fd keratin. Ten za\u017eehl\u00edte do po\u0161kozen\u00fdch vlas\u016f, \u010d\u00edm\u017e st\u00e1hnete kone\u010dky a o\u017eiv\u00edte po\u0161kozen\u00fd \u00fa\u010des!                                                                                                                                                                                                                                                                                                                                                                                        2.7\/5 - (3 votes)        "},{"@context":"https:\/\/schema.org\/","@type":"BreadcrumbList","itemListElement":[{"@type":"ListItem","position":1,"name":"Kr\u00e1sn\u00e9, bohat\u00e9 a dlouh\u00e9 vlasy","item":"https:\/\/www.zake.cz\/krasne-bohate-a-dlouhe-vlasy\/#breadcrumbitem"}]}]