[{"@context":"https:\/\/schema.org\/","@type":"Article","@id":"https:\/\/www.zake.cz\/mate-doma-kyc-no-a\/#Article","mainEntityOfPage":"https:\/\/www.zake.cz\/mate-doma-kyc-no-a\/","headline":"M\u00e1te doma k\u00fd\u010d? No a?","name":"M\u00e1te doma k\u00fd\u010d? No a?","description":"P\u0159edstavte si, \u017ee p\u0159ijdete do perfektn\u011b za\u0159\u00edzen\u00e9ho bytu, kde maj\u00ed v\u0161e dokonale slad\u011bn\u00e9. Zav\u00edt\u00e1te p\u0159\u00edmo do ob\u00fdvac\u00edho...","datePublished":"2023-05-06","dateModified":"2023-05-06","author":{"@type":"Person","@id":"https:\/\/www.zake.cz\/author\/#Person","name":"","url":"https:\/\/www.zake.cz\/author\/","identifier":1,"image":{"@type":"ImageObject","@id":"https:\/\/secure.gravatar.com\/avatar\/ac70c9e5ac34d1687bd81eed3e0a5127e2920111fdfe832b53d740bc4b86c4fd?s=96&d=mm&r=g","url":"https:\/\/secure.gravatar.com\/avatar\/ac70c9e5ac34d1687bd81eed3e0a5127e2920111fdfe832b53d740bc4b86c4fd?s=96&d=mm&r=g","height":96,"width":96}},"publisher":{"@type":"Organization","name":"zake.cz","logo":{"@type":"ImageObject","@id":"\/logo.png","url":"\/logo.png","width":600,"height":60}},"image":{"@type":"ImageObject","@id":"https:\/\/www.zake.cz\/wp-content\/uploads\/img_a303969_w2225_t1514758402.jpg","url":"https:\/\/www.zake.cz\/wp-content\/uploads\/img_a303969_w2225_t1514758402.jpg","height":0,"width":0},"url":"https:\/\/www.zake.cz\/mate-doma-kyc-no-a\/","wordCount":422,"articleBody":"P\u0159edstavte si, \u017ee p\u0159ijdete do perfektn\u011b za\u0159\u00edzen\u00e9ho bytu, kde maj\u00ed v\u0161e dokonale slad\u011bn\u00e9. Zav\u00edt\u00e1te p\u0159\u00edmo do ob\u00fdvac\u00edho pokoje. Jste sp\u00ed\u0161e nalad\u011bni na staro\u017eitnosti? Tak se rozhl\u00e9dn\u011bte.o\u00a0\u00a0 St\u016fl a \u017eidle z po\u010d\u00e1tku dvac\u00e1t\u00e9ho stolet\u00ed.o\u00a0\u00a0 V rohu pianino od Enrica Bremitze, kter\u00e9 je pochopiteln\u011b v historizuj\u00edc\u00edm stylu, aby dob\u0159e ladilo nejen sv\u00fdmi hudebn\u00edmi t\u00f3ny.Nebo rad\u011bji klasiku a zvol\u00edme styl Biedermeier? Je to vlastn\u011b \u00fapln\u011b jedno, proto\u017ee jedna d\u016fle\u017eit\u00e1 sou\u010d\u00e1st pokoje n\u00e1m tu st\u00e1le chyb\u00ed. Je to obraz. A\u0165 u\u017e si za\u0159\u00edd\u00edte byt v jak\u00e9mkoliv stylu, v\u017edy na v\u00e1s budou st\u011bny volat, pro\u010d jim ned\u00e1te n\u011bjak\u00fd obraz. Ka\u017ed\u00fd bytov\u00fd architekt v\u00e1m v\u017edy potvrd\u00ed, \u017ee je ur\u010dit\u011b nejlep\u0161\u00edm postupem nejprve za\u0159\u00eddit m\u00edstnost v\u0161\u00edm pot\u0159ebn\u00fdm a a\u017e nakonec se rozhodnout pro zapln\u011bn\u00ed pr\u00e1zdn\u00fdch m\u00edst na st\u011bn\u00e1ch.\tNa\u0161e ze\u010f \u2013 na\u0161e rozhodnut\u00edPodle toho, v jak\u00e9m stylu jsme se sna\u017eili pokoj za\u0159\u00eddit, budeme volit i obrazy na zdi. U modern\u00edho pojet\u00ed rozhodn\u011b nic nezkaz\u00edme nap\u0159\u00edklad rodinn\u00fdmi fotografiemi. Nebo fotkami, kter\u00e9 zn\u00e1zor\u0148uj\u00ed z\u00e1\u017eitky z cest. U pokoje, kter\u00fd je za\u0159\u00edzen v\u00edce tradi\u010dn\u011b, se ur\u010dit\u011b budou v\u00edce hodit klasick\u00e9 obrazy. \u00b7\u00a0\u00a0\u00a0\u00a0\u00a0\u00a0\u00a0 Obrazy, kter\u00e9 v sob\u011b maj\u00ed skr\u00fdvat um\u011bn\u00ed, jsou naprosto vd\u011b\u010dn\u00fdm bytov\u00fdm dopl\u0148kem.\u00b7\u00a0\u00a0\u00a0\u00a0\u00a0\u00a0\u00a0 Je to toti\u017e \u010dist\u011b pocitov\u00e1 z\u00e1le\u017eitost.\u00b7\u00a0\u00a0\u00a0\u00a0\u00a0\u00a0\u00a0 Prost\u011b se m\u016f\u017ee l\u00edbit jen v\u00e1m a nikomu jin\u00e9mu.Nap\u0159\u00edklad zd\u011bd\u011bn\u00fd obraz m\u016f\u017ee vyvol\u00e1vat nostalgick\u00e9 vzpom\u00ednky, kter\u00fdch se rozhodn\u011b za \u017e\u00e1dnou cenu nechcete zbavit. M\u016f\u017eete tedy svou n\u00e1v\u0161t\u011bvu (kter\u00e1 pr\u00e1v\u011b on\u011bm\u011bla nefal\u0161ovan\u00fdm zd\u011b\u0161en\u00edm) s\u00a0klidn\u00fdm \u00fasm\u011bvem p\u0159esv\u011bd\u010dit, \u017ee ty dva troub\u00edc\u00ed jeleny si pamatujete z dob, kdy jste pob\u00fdvali u babi\u010dky na pr\u00e1zdnin\u00e1ch. Viseli tam u\u017e od nepam\u011bti. M\u00edstn\u00ed mal\u00ed\u0159 byl nav\u00edc tak dobr\u00fdm um\u011blcem, \u017ee ta zv\u00ed\u0159ata p\u0159ipom\u00ednaj\u00ed \u010d\u00e1ste\u010dn\u011b i n\u011bkter\u00e9 jin\u00e9 obyvatele lesa.\u00b7\u00a0\u00a0\u00a0\u00a0\u00a0\u00a0\u00a0\u00a0 Prost\u011b se nenechte p\u0159esv\u011bd\u010dit, \u017ee to, co m\u00e1te na zdi, je k\u00fd\u010d.o\u00a0\u00a0 Mo\u017en\u00e1, \u017ee ano.o\u00a0\u00a0 Ale co je komu do toho?                                                                                                                                                                                                                                                                                                                                                                                        4.5\/5 - (4 votes)        "},{"@context":"https:\/\/schema.org\/","@type":"BreadcrumbList","itemListElement":[{"@type":"ListItem","position":1,"name":"M\u00e1te doma k\u00fd\u010d? No a?","item":"https:\/\/www.zake.cz\/mate-doma-kyc-no-a\/#breadcrumbitem"}]}]