[{"@context":"https:\/\/schema.org\/","@type":"Article","@id":"https:\/\/www.zake.cz\/nekolik-postrehu-a-rad-pro-pripad-nezamestnanosti\/#Article","mainEntityOfPage":"https:\/\/www.zake.cz\/nekolik-postrehu-a-rad-pro-pripad-nezamestnanosti\/","headline":"N\u011bkolik post\u0159eh\u016f a rad pro p\u0159\u00edpad nezam\u011bstnanosti","name":"N\u011bkolik post\u0159eh\u016f a rad pro p\u0159\u00edpad nezam\u011bstnanosti","description":"P\u0159i\u0161el den, kter\u00fd jste n\u011bkde v&nbsp;koutku du\u0161e o\u010dek\u00e1vali. A\u010d jste se tomu br\u00e1nili zuby nehty, je to...","datePublished":"2020-09-14","dateModified":"2023-05-06","author":{"@type":"Person","@id":"https:\/\/www.zake.cz\/author\/#Person","name":"","url":"https:\/\/www.zake.cz\/author\/","identifier":1,"image":{"@type":"ImageObject","@id":"https:\/\/secure.gravatar.com\/avatar\/ac70c9e5ac34d1687bd81eed3e0a5127e2920111fdfe832b53d740bc4b86c4fd?s=96&d=mm&r=g","url":"https:\/\/secure.gravatar.com\/avatar\/ac70c9e5ac34d1687bd81eed3e0a5127e2920111fdfe832b53d740bc4b86c4fd?s=96&d=mm&r=g","height":96,"width":96}},"publisher":{"@type":"Organization","name":"zake.cz","logo":{"@type":"ImageObject","@id":"\/logo.png","url":"\/logo.png","width":600,"height":60}},"image":{"@type":"ImageObject","@id":"https:\/\/www.zake.cz\/wp-content\/uploads\/img_a311643_w1711_t1522487745.jpg","url":"https:\/\/www.zake.cz\/wp-content\/uploads\/img_a311643_w1711_t1522487745.jpg","height":0,"width":0},"url":"https:\/\/www.zake.cz\/nekolik-postrehu-a-rad-pro-pripad-nezamestnanosti\/","about":["Slu\u017eby"],"wordCount":731,"articleBody":"P\u0159i\u0161el den, kter\u00fd jste n\u011bkde v&nbsp;koutku du\u0161e o\u010dek\u00e1vali. A\u010d jste se tomu br\u00e1nili zuby nehty, je to tady. Zam\u011bstnavatel s&nbsp;v\u00e1mi ukon\u010dil pracovn\u00ed pom\u011br skon\u010den\u00edm doby ur\u010dit\u00e9. V&nbsp;lep\u0161\u00edm p\u0159\u00edpad\u011b zam\u011bstnavatel ru\u0161\u00ed pozice a rozd\u00e1v\u00e1 v\u00fdpov\u011bdi pro nadbyte\u010dnost. Anebo jste sami podali v\u00fdpov\u011b\u010f, \u010di se dohodli se zam\u011bstnavatelem na skon\u010den\u00ed pracovn\u00edho pom\u011bru. V&nbsp;ka\u017ed\u00e9m p\u0159\u00edpad\u011b nast\u00e1v\u00e1 zm\u011bna a vy se mus\u00edte rozhodnout jak d\u00e1l.&nbsp;Doklady, kter\u00e9 je zam\u011bstnavatel povinen v\u00e1m p\u0159edat v&nbsp;den ukon\u010den\u00ed pracovn\u00edho pom\u011bru jsou:&middot;&nbsp;&nbsp;&nbsp;&nbsp;&nbsp;&nbsp;&nbsp; &bdquo;Potvrzen\u00ed o zam\u011bstn\u00e1n\u00ed&ldquo;, tzv. z\u00e1po\u010dtov\u00fd list. Mnohdy zam\u011bstnanci \u017e\u00e1daj\u00ed, aby na tomto z\u00e1po\u010dtov\u00e9m list\u011b byla zohledn\u011bna doba v\u0161ech p\u0159edch\u00e1zej\u00edc\u00edch zam\u011bstn\u00e1n\u00ed. Nikoliv, zam\u011bstnavatel p\u0159ed\u00e1v\u00e1 z\u00e1po\u010dtov\u00fd list pouze za dobu, kdy jste u n\u011bho pracovali.&middot;&nbsp;&nbsp;&nbsp;&nbsp;&nbsp;&nbsp;&nbsp; Na va\u0161i \u017e\u00e1dost vystavuje &bdquo;Potvrzen\u00ed zam\u011bstnavatele pro \u00fa\u010dely posouzen\u00ed n\u00e1roku na podporu v&nbsp;nezam\u011bstnanosti&ldquo;. Na tomto formul\u00e1\u0159i bude vypln\u011bn\u00fd v\u00e1\u0161 p\u0159\u00edjem, na z\u00e1klad\u011b kter\u00e9ho \u00fa\u0159ad pr\u00e1ce stanov\u00ed v\u00fd\u0161i podpory v&nbsp;nezam\u011bstnanosti.&nbsp;\u00da\u0159ad pr\u00e1ce v\u00e1s za\u0159ad\u00ed do evidence uchaze\u010d\u016f o zam\u011bstn\u00e1n\u00ed ode dne pod\u00e1n\u00ed \u017e\u00e1dosti o zprost\u0159edkov\u00e1n\u00ed zam\u011bstn\u00e1n\u00ed. Je vhodn\u00e9 po\u017e\u00e1dat o zprost\u0159edkov\u00e1n\u00ed nejpozd\u011bji do t\u0159\u00ed pracovn\u00edch dn\u016f po skon\u010den\u00ed zam\u011bstn\u00e1n\u00ed.Pro\u010d? Pokud se stanete nezam\u011bstnan\u00fdmi nap\u0159. od 1.4.2018 a zajdete na \u00fa\u0159ad pr\u00e1ce 16.4.2018, v&nbsp;evidenci \u00fa\u0159adu pr\u00e1ce (a v\u00fdplatu podpory, pokud na ni budete m\u00edt n\u00e1rok), obdr\u017e\u00edte od 16.4.2018.Pokud ale za v\u00fd\u0161e uveden\u00fdch podm\u00ednek zajdete na \u00fa\u0159ad pr\u00e1ce nap\u0159. 4.4.2018, budete vedeni v&nbsp;evidenci ji\u017e od 1.4.2018, tzn. bez prodlevy.&nbsp;M\u00e1te ale i mo\u017enost je\u0161t\u011b p\u0159ed uplynut\u00edm v\u00fdpov\u011bdn\u00ed doby po\u017e\u00e1dat \u00fa\u0159ad pr\u00e1ce o za\u0159azen\u00ed do evidence z\u00e1jemc\u016f o zam\u011bstn\u00e1n\u00ed.Po skon\u010den\u00ed v\u00fdpov\u011bdn\u00ed doby \u010di pracovn\u00edho pom\u011bru po\u017e\u00e1dejte \u00fa\u0159ad pr\u00e1ce v&nbsp;m\u00edst\u011b sv\u00e9ho trval\u00e9ho bydli\u0161t\u011b o zprost\u0159edkov\u00e1n\u00ed zam\u011bstn\u00e1n\u00ed. Doklady pot\u0159ebn\u00e9 pro \u00fa\u0159ad pr\u00e1ce:&middot;&nbsp;&nbsp;&nbsp;&nbsp;&nbsp;&nbsp;&nbsp; vypln\u011bn\u00e1 \u017d\u00e1dost o zprost\u0159edkov\u00e1n\u00ed zam\u011bstn\u00e1n\u00ed &ndash; formul\u00e1\u0159 \u00fa\u0159adu pr\u00e1ce, kter\u00fd je nutno podat osobn\u011b&middot;&nbsp;&nbsp;&nbsp;&nbsp;&nbsp;&nbsp;&nbsp; v\u00e1\u0161 ob\u010dansk\u00fd pr\u016fkaz&middot;&nbsp;&nbsp;&nbsp;&nbsp;&nbsp;&nbsp;&nbsp; doklad o ukon\u010den\u00ed pracovn\u00edho pom\u011bru&middot;&nbsp;&nbsp;&nbsp;&nbsp;&nbsp;&nbsp;&nbsp; potvrzen\u00ed o v\u00fdd\u011blku&nbsp;M\u016f\u017ee se ov\u0161em st\u00e1t, \u017ee n\u011bkdo, obzvl\u00e1\u0161t\u011b ve zral\u00e9m v\u011bku, psychicky neunese ztr\u00e1tu zam\u011bstn\u00e1n\u00ed a onemocn\u00ed.&nbsp; Z\u00e1kon o nemocensk\u00e9m poji\u0161t\u011bn\u00ed mysl\u00ed na n\u00e1roky na nemocensk\u00e9 d\u00e1vky i v&nbsp;p\u0159\u00edpad\u011b, kdy\u017e ukon\u010d\u00edte zam\u011bstn\u00e1n\u00ed. Ov\u0161em mus\u00edte &bdquo;stihnout onemocn\u011bt&ldquo; do 7 kalend\u00e1\u0159n\u00edch dn\u016f od ukon\u010den\u00ed pracovn\u00edho pom\u011bru v&nbsp;tzv. ochrann\u00e9 lh\u016ft\u011b. Pokud u\u017e jste se zaregistrovali na \u00fa\u0159adu pr\u00e1ce, jste jim povinni tuto zm\u011bnu ohl\u00e1sit a podpora v nezam\u011bstnanosti (pokud v\u00e1m na ni vznikl n\u00e1rok) se zastavuje po dobu poskytov\u00e1n\u00ed d\u00e1vek nemocensk\u00e9ho poji\u0161t\u011bn\u00ed. Nutno zd\u016fraznit, \u017ee prvn\u00edch 14 kalend\u00e1\u0159n\u00edch dn\u016f od za\u010d\u00e1tku nemoci v&nbsp;ochrann\u00e9 lh\u016ft\u011b, bohu\u017eel, z\u016fst\u00e1v\u00e1te bez podpory st\u00e1tu. A to z&nbsp;toho d\u016fvodu, \u017ee prvn\u00edch 14 kalend\u00e1\u0159n\u00edch dn\u016f nemoci je b\u011b\u017en\u011b v&nbsp;re\u017eii zam\u011bstnavatele, a proto\u017ee jste pracovn\u00ed pom\u011br ukon\u010dili, m\u00e1te n\u00e1rok na nemocensk\u00e9 d\u00e1vky a\u017e od 15. kalend\u00e1\u0159n\u00edho dne, kdy v\u00e1m je bude platit okresn\u00ed spr\u00e1va nemocensk\u00e9ho poji\u0161t\u011bn\u00ed.Nezapome\u0148te p\u0159\u00edpadnou nemoc v&nbsp;ochrann\u00e9 lh\u016ft\u011b ozn\u00e1mit i na sv\u00e9 zdravotn\u00ed poji\u0161\u0165ovn\u011b.                                                                                                                                                                                                                                                                                                                                                                                        4.2\/5 - (6 votes)        "},{"@context":"https:\/\/schema.org\/","@type":"BreadcrumbList","itemListElement":[{"@type":"ListItem","position":1,"name":"N\u011bkolik post\u0159eh\u016f a rad pro p\u0159\u00edpad nezam\u011bstnanosti","item":"https:\/\/www.zake.cz\/nekolik-postrehu-a-rad-pro-pripad-nezamestnanosti\/#breadcrumbitem"}]}]