[{"@context":"https:\/\/schema.org\/","@type":"Article","@id":"https:\/\/www.zake.cz\/proc-mene-deti-predstavuje-pro-soucasnou-spolecnost-problem\/#Article","mainEntityOfPage":"https:\/\/www.zake.cz\/proc-mene-deti-predstavuje-pro-soucasnou-spolecnost-problem\/","headline":"Pro\u010d m\u00e9n\u011b d\u011bt\u00ed p\u0159edstavuje pro sou\u010dasnou spole\u010dnost probl\u00e9m","name":"Pro\u010d m\u00e9n\u011b d\u011bt\u00ed p\u0159edstavuje pro sou\u010dasnou spole\u010dnost probl\u00e9m","description":"My jako lid\u00e9 m\u00e1me nastaveny ur\u010dit\u00e9 spole\u010densk\u00e9 normy. Ty \u010dasto vych\u00e1z\u00ed z\u00a0na\u0161ich prad\u00e1vn\u00fdch instinkt\u016f. To v\u0161ak n\u011bkdy...","datePublished":"2021-09-27","dateModified":"2023-05-06","author":{"@type":"Person","@id":"https:\/\/www.zake.cz\/author\/#Person","name":"","url":"https:\/\/www.zake.cz\/author\/","identifier":1,"image":{"@type":"ImageObject","@id":"https:\/\/secure.gravatar.com\/avatar\/ac70c9e5ac34d1687bd81eed3e0a5127e2920111fdfe832b53d740bc4b86c4fd?s=96&d=mm&r=g","url":"https:\/\/secure.gravatar.com\/avatar\/ac70c9e5ac34d1687bd81eed3e0a5127e2920111fdfe832b53d740bc4b86c4fd?s=96&d=mm&r=g","height":96,"width":96}},"publisher":{"@type":"Organization","name":"zake.cz","logo":{"@type":"ImageObject","@id":"\/logo.png","url":"\/logo.png","width":600,"height":60}},"image":{"@type":"ImageObject","@id":"https:\/\/www.zake.cz\/wp-content\/uploads\/dite1_5.jpg","url":"https:\/\/www.zake.cz\/wp-content\/uploads\/dite1_5.jpg","height":0,"width":0},"url":"https:\/\/www.zake.cz\/proc-mene-deti-predstavuje-pro-soucasnou-spolecnost-problem\/","about":["Spole\u010dnost"],"wordCount":442,"articleBody":"My jako lid\u00e9 m\u00e1me nastaveny ur\u010dit\u00e9 spole\u010densk\u00e9 normy. Ty \u010dasto vych\u00e1z\u00ed z\u00a0na\u0161ich prad\u00e1vn\u00fdch instinkt\u016f. To v\u0161ak n\u011bkdy m\u016f\u017ee zp\u016fsobit situaci, \u017ee to, co se na prvn\u00ed pohled zd\u00e1 jako dobr\u00e9, m\u016f\u017ee m\u00edt pro na\u0161li spole\u010dnost velmi nep\u011bkn\u00e9 n\u00e1sledky.\u00a0Typick\u00fdm p\u0159\u00edkladem je dnes v\u00fdvoj porodnosti. Zat\u00edmco v\u00a0chud\u00fdch zem\u00edch t\u0159et\u00edho sv\u011bta se i p\u0159es ve\u0161kerou snahu o osv\u011btu p\u0159\u00edli\u0161 nem\u011bn\u00ed, v \u201emodern\u00ed\u201c spole\u010dnosti kles\u00e1. To znamen\u00e1, \u017ee se rod\u00ed m\u00e9n\u011b d\u011bt\u00ed.\u00a0\u00a0Tato skute\u010dnost by se mohla zd\u00e1t p\u0159\u00edzniv\u00e1, koneckonc\u016f lid\u00e9 jsou zna\u010dn\u011b p\u0159emno\u017een\u00fd druh a v\u011bdci ji\u017e dlouho varuj\u00ed, \u017ee se bl\u00ed\u017e\u00edme k\u00a0hranici, kdy n\u00e1s u\u017e Zem\u011b nebude moci u\u017eivit. A a\u010dkoliv kolonizace jin\u00fdch planet je \u0159e\u0161en\u00ed, jedn\u00e1 se st\u00e1le je\u0161t\u011b o hudbu dalek\u00e9 budoucnosti. Proto je jasn\u00e9, \u017ee m\u00e9n\u011b narozen\u00fdch d\u011bt\u00ed je t\u00edm spr\u00e1vn\u00fdm sm\u011b\u0159ov\u00e1n\u00edm v\u00fdvoje.\u00a0A to je sice pravda, av\u0161ak vzhledem k\u00a0v\u00fd\u0161e zm\u00edn\u011bn\u00fdm spole\u010densk\u00fdm norm\u00e1m tento trend vytv\u00e1\u0159\u00ed dal\u0161\u00ed probl\u00e9my, zvl\u00e1\u0161t\u011b pak v\u00a0na\u0161\u00ed republice. T\u00edm hlavn\u00edm, co n\u00e1s tr\u00e1p\u00ed, je pom\u011br d\u016fchodc\u016f k\u00a0v\u00fdd\u011ble\u010dn\u011b \u010dinn\u00fdm lidem. U n\u00e1s toti\u017e aktivn\u011b pracuj\u00edc\u00ed vyd\u011bl\u00e1vaj\u00ed penzist\u016fm na d\u016fchod. A je jasn\u00e9, \u017ee \u010d\u00edm v\u011bt\u0161\u00ed je tento nepom\u011br ve prosp\u011bch lid\u00ed v\u00a0d\u016fchodu, t\u00edm hor\u0161\u00ed je situace.\u00a0\u00a0Sta\u010d\u00ed se jen pod\u00edvat do minulosti. Zat\u00edmco v\u00a0dob\u011b po takzvan\u00e9m \u201ebaby boomu\u201c, kter\u00fd nastal po druh\u00e9 sv\u011btov\u00e9 v\u00e1lce, p\u0159ipadli \u010dty\u0159i pracuj\u00edc\u00ed lid\u00e9 na jednoho d\u016fchodce, dnes je tomu obr\u00e1cen\u011b. Je tedy jasn\u00e9, \u017ee tento syst\u00e9m se ned\u00e1 udr\u017eet, a\u010dkoliv jde o jinak v\u00fdvojov\u011b p\u0159\u00edzniv\u00fd trend. Co tedy s\u00a0t\u00edm m\u016f\u017eeme d\u011blat?\u00a0Nejlep\u0161\u00edm \u0159e\u0161en\u00edm by samoz\u0159ejm\u011b byla kompletn\u00ed transformace na\u0161eho penzijn\u00edho syst\u00e9mu, av\u0161ak to je krok, ke kter\u00e9mu v\u00a0sou\u010dasn\u00e9 dob\u011b nen\u00ed ani v\u016fle, ani pen\u00edze ve st\u00e1tn\u00edm rozpo\u010dtu. Nezb\u00fdv\u00e1 tedy ne\u017e zpomalit r\u016fst d\u016fchod\u016f, d\u00edky \u010demu\u017e tito lid\u00e9 zchudnou.\u00a0Proto je v\u00a0sou\u010dasnosti t\u00edm nejlep\u0161\u00edm \u0159e\u0161en\u00edm, aby si ji\u017e mlad\u00ed lid\u00e9 za\u010dali spo\u0159it na penzi vlastn\u00edmi silami. Jen tak si zajist\u00ed v\u00a0budoucnu spokojen\u00e9 st\u00e1\u0159\u00ed.                                                                                                                                                                                                                                                                                                                                                                                        3\/5 - (9 votes)        "},{"@context":"https:\/\/schema.org\/","@type":"BreadcrumbList","itemListElement":[{"@type":"ListItem","position":1,"name":"Pro\u010d m\u00e9n\u011b d\u011bt\u00ed p\u0159edstavuje pro sou\u010dasnou spole\u010dnost probl\u00e9m","item":"https:\/\/www.zake.cz\/proc-mene-deti-predstavuje-pro-soucasnou-spolecnost-problem\/#breadcrumbitem"}]}]