[{"@context":"https:\/\/schema.org\/","@type":"Article","@id":"https:\/\/www.zake.cz\/svatebni-oznameni-jako-naznak-svatby\/#Article","mainEntityOfPage":"https:\/\/www.zake.cz\/svatebni-oznameni-jako-naznak-svatby\/","headline":"Svatebn\u00ed ozn\u00e1men\u00ed jako n\u00e1znak svatby","name":"Svatebn\u00ed ozn\u00e1men\u00ed jako n\u00e1znak svatby","description":"Svatba je v r\u00e1mci \u017eivot ka\u017ed\u00e9ho z n\u00e1s naprosto b\u00e1je\u010dnou ud\u00e1lost\u00ed, a to zejm\u00e9na z toho d\u016fvodu,...","datePublished":"2020-08-07","dateModified":"2023-05-06","author":{"@type":"Person","@id":"https:\/\/www.zake.cz\/author\/#Person","name":"","url":"https:\/\/www.zake.cz\/author\/","identifier":1,"image":{"@type":"ImageObject","@id":"https:\/\/secure.gravatar.com\/avatar\/ac70c9e5ac34d1687bd81eed3e0a5127e2920111fdfe832b53d740bc4b86c4fd?s=96&d=mm&r=g","url":"https:\/\/secure.gravatar.com\/avatar\/ac70c9e5ac34d1687bd81eed3e0a5127e2920111fdfe832b53d740bc4b86c4fd?s=96&d=mm&r=g","height":96,"width":96}},"publisher":{"@type":"Organization","name":"zake.cz","logo":{"@type":"ImageObject","@id":"\/logo.png","url":"\/logo.png","width":600,"height":60}},"image":{"@type":"ImageObject","@id":"https:\/\/www.zake.cz\/wp-content\/uploads\/v%C3%BDb%C4%9Br%20svatebn%C3%ADho%20ozn%C3%A1men%C3%AD.jpg","url":"https:\/\/www.zake.cz\/wp-content\/uploads\/v%C3%BDb%C4%9Br%20svatebn%C3%ADho%20ozn%C3%A1men%C3%AD.jpg","height":0,"width":0},"url":"https:\/\/www.zake.cz\/svatebni-oznameni-jako-naznak-svatby\/","about":["Zbo\u017e\u00ed"],"wordCount":452,"articleBody":"        Svatba je v r\u00e1mci \u017eivot ka\u017ed\u00e9ho z n\u00e1s naprosto b\u00e1je\u010dnou ud\u00e1lost\u00ed, a to zejm\u00e9na z toho d\u016fvodu, \u017ee ve chv\u00edli, kdy se pust\u00edme do jej\u00edho pl\u00e1nov\u00e1n\u00ed, v\u011b\u0159\u00edme tomu, \u017ee jsme kone\u010dn\u011b na\u0161li toho, kdo je pro n\u00e1s t\u00edm prav\u00fdm, tedy toho, kdo s n\u00e1mi p\u016fjde spole\u010dn\u011b \u017eivotem, a to jak v tom dobr\u00e9m, tak i v tom \u0161patn\u00e9m. Aby v\u0161ak bylo mo\u017en\u00e9, aby se ostatn\u00ed mohli na v\u00e1\u0161 velk\u00fd den po\u0159\u00e1dn\u011b p\u0159ipravit, je nutn\u00e9, abyste ihned po z\u00e1snub\u00e1ch zamluvili n\u011bjak\u00fd ten l\u00e1kav\u00fd term\u00edn na l\u00e1kav\u00e9m m\u00edst\u011b, a n\u00e1sledn\u011b to ozn\u00e1mit v\u0161em bl\u00edzk\u00fdm, se kter\u00fdmi byste jej cht\u011bli pro\u017e\u00edt. V\u00fdborn\u00fdm zp\u016fsobem, jak pr\u00e1v\u011b tuto ud\u00e1lost ozn\u00e1mit, je svatebn\u00ed ozn\u00e1men\u00ed, d\u00edky kter\u00e9mu budou v\u0161echny podstatn\u00e9 informace velmi p\u0159ehledn\u00e9, a nav\u00edc tak\u00e9 na jednom m\u00edst\u011b.Av\u0161ak ani jeho v\u00fdb\u011br nen\u00ed vhodn\u00e9 podcenit, a to zejm\u00e9na z toho d\u016fvodu, \u017ee je v\u00edce ne\u017e d\u016fle\u017eit\u00e9, aby vypadalo tak, jak si vlastn\u011b vy a v\u00e1\u0161 partner p\u0159ejete. A zejm\u00e9na z tohoto d\u016fvodu tak tedy ned\u00e1vejte a\u017e p\u0159\u00edli\u0161 na n\u00e1zor ostatn\u00edch, jeliko\u017e v tomto kr\u00e1sn\u00e9m dni jde jen a jen o v\u00e1s, a pr\u00e1v\u011b z toho d\u016fvodu by i tato mali\u010dkost m\u011bla vypadat podle va\u0161ich p\u0159edstav. Je tak tedy velmi dobr\u00e9, aby pr\u00e1v\u011b ono bylo odrazem toho, jak bude vypadat va\u0161e svatba, a to zejm\u00e9na z toho d\u016fvodu, \u017ee je v\u00edce ne\u017e vhodn\u00e9, aby pr\u00e1v\u011b oni v\u011bd\u011bli, co maj\u00ed vlastn\u011b o\u010dek\u00e1vat, p\u0159\u00edpadn\u011b do jak\u00fdch barev maj\u00ed sladit vlastn\u00ed oble\u010den\u00ed.Pokud tak tedy v\u0161echno dob\u0159e dopadne, a va\u0161e svatba se odehraje v ten spr\u00e1vn\u00fd den, tak douf\u00e1m, \u017ee si pr\u00e1v\u011b vy sv\u016fj den naplno u\u017eijete, a to zejm\u00e9na z toho d\u016fvodu, \u017ee ve chv\u00edli, kdy m\u00e1te v \u017eivot\u011b opravdu velk\u00e9 \u0161t\u011bst\u00ed, za\u017eijete tento den jen jednou. Myslete tak tedy na to, \u017ee je vhodn\u00e9, aby v\u0161e bylo tak, jak to vyhovuje v\u00e1m ob\u011bma, a t\u00edm se tak tedy \u0159i\u010fte i b\u011bhem man\u017eelstv\u00ed, jeliko\u017e zejm\u00e9na v jeho r\u00e1mci je um\u011bn\u00ed kompromis\u016f t\u00edm velmi podstatn\u00fdm, jeliko\u017e bez nich se prost\u011b v\u011bt\u0161ina p\u00e1r\u016f nedok\u00e1\u017ee obej\u00edt.                                                                                                                                                                                                                                                                                                                                                                                          4.3\/5 - (6 votes)        "},{"@context":"https:\/\/schema.org\/","@type":"BreadcrumbList","itemListElement":[{"@type":"ListItem","position":1,"name":"Svatebn\u00ed ozn\u00e1men\u00ed jako n\u00e1znak svatby","item":"https:\/\/www.zake.cz\/svatebni-oznameni-jako-naznak-svatby\/#breadcrumbitem"}]}]